{"id":439,"date":"2020-03-27T11:47:52","date_gmt":"2020-03-27T11:47:52","guid":{"rendered":"http:\/\/blogs.uab.cat\/laplacetaarts\/?p=439"},"modified":"2020-03-27T12:17:11","modified_gmt":"2020-03-27T12:17:11","slug":"des-de-paris-comiat-a-joan-salvat-per-maria-mora","status":"publish","type":"post","link":"https:\/\/blogs.uab.cat\/laplacetaarts\/2020\/03\/27\/des-de-paris-comiat-a-joan-salvat-per-maria-mora\/","title":{"rendered":"Des de Par\u00eds: Comiat a Joan Salvat de Maria Mora"},"content":{"rendered":"<p><span style=\"color: #0000ff\"><strong>Q<\/strong><\/span>ue la terra et sigui lleu.<\/p>\n<p>Com ja he escrit al diari, el cel \u00e9s n\u00edtidament blau des de fa uns dies. La capital francesa ens fa un esb\u00f3s d&#8217;una primavera freda i capriciosa. Jo crec que el cel es preparava per a la teva arribada. No \u00e9s f\u00e0cil estar a l&#8217;altura de la simplicitat m\u00e9s noble, ni retenir el plor que probablement et semblaria exagerat. Ahir va morir una persona important a la vida de la meva fam\u00edlia, i la seva mort tanca una generaci\u00f3 que s&#8217;esborra al record d&#8217;aquells que, de tant en tant, els honrem amb un somriure.<\/p>\n<p>Discreci\u00f3, serietat, simplicitat, silenci i moltes hores de passeig, dibuixen el que podria ser un home lliure. Sens dubte, en Joan no faria un bon personatge de novel\u00b7la. Perqu\u00e8 no expressava l&#8217;entusiasme de la subjectivitat exaltada, i sovint vulgar. Aquells que farien una bona obra, infumable en els nostres dies per una gran majoria, s\u00f3n aquells que passen desapercebuts. Si no sab\u00e9ssim que va ser director d&#8217;una escola, que es va dedicar a l&#8217;art i a l&#8217;ensenyament amb el cor i l&#8217;\u00e0nima, si ignor\u00e9ssim que gaudia d&#8217;una salut sorprenent, far\u00edem d&#8217;en Joan un vell m\u00e9s. I aix\u00f2 \u00e9s el que molt pocs entendrien o subratllarien: en Joan era un home com un altre. All\u00f2 que pocs veuen, \u00e9s que feia de la humanitat una expressi\u00f3. I expressar-se, avui en dia, sembla in\u00fatil i inviable. &#8220;Figurinista, escultor, pedagog&#8221;. No hi estic d&#8217;acord.<\/p>\n<p>Joan era tot aix\u00f2, per\u00f2 poc m&#8217;interessen els fets que donen una estructura a la seva vida. En Joan va ser un home, amb ulls i orelles, amb cames i mans, amb cos i \u00e0nima. Que els engrescats s&#8217;exclamin, ell ens hagu\u00e9s demanat m\u00e9s silenci.<\/p>\n<p>&nbsp;<\/p>\n<p>Maria Mora. 26 de Mar\u00e7 de 2020. Par\u00eds<\/p>\n","protected":false},"excerpt":{"rendered":"<p>Que la terra et sigui lleu. Com ja he escrit al diari, el cel \u00e9s n\u00edtidament blau des de fa uns dies. La capital francesa ens fa un esb\u00f3s d&#8217;una primavera freda i capriciosa. Jo crec que el cel es preparava per a la teva arribada. No \u00e9s f\u00e0cil estar a l&#8217;altura de la simplicitat [&hellip;]<\/p>\n","protected":false},"author":257,"featured_media":0,"comment_status":"open","ping_status":"open","sticky":false,"template":"","format":"standard","meta":[],"categories":[3],"tags":[],"_links":{"self":[{"href":"https:\/\/blogs.uab.cat\/laplacetaarts\/wp-json\/wp\/v2\/posts\/439"}],"collection":[{"href":"https:\/\/blogs.uab.cat\/laplacetaarts\/wp-json\/wp\/v2\/posts"}],"about":[{"href":"https:\/\/blogs.uab.cat\/laplacetaarts\/wp-json\/wp\/v2\/types\/post"}],"author":[{"embeddable":true,"href":"https:\/\/blogs.uab.cat\/laplacetaarts\/wp-json\/wp\/v2\/users\/257"}],"replies":[{"embeddable":true,"href":"https:\/\/blogs.uab.cat\/laplacetaarts\/wp-json\/wp\/v2\/comments?post=439"}],"version-history":[{"count":5,"href":"https:\/\/blogs.uab.cat\/laplacetaarts\/wp-json\/wp\/v2\/posts\/439\/revisions"}],"predecessor-version":[{"id":444,"href":"https:\/\/blogs.uab.cat\/laplacetaarts\/wp-json\/wp\/v2\/posts\/439\/revisions\/444"}],"wp:attachment":[{"href":"https:\/\/blogs.uab.cat\/laplacetaarts\/wp-json\/wp\/v2\/media?parent=439"}],"wp:term":[{"taxonomy":"category","embeddable":true,"href":"https:\/\/blogs.uab.cat\/laplacetaarts\/wp-json\/wp\/v2\/categories?post=439"},{"taxonomy":"post_tag","embeddable":true,"href":"https:\/\/blogs.uab.cat\/laplacetaarts\/wp-json\/wp\/v2\/tags?post=439"}],"curies":[{"name":"wp","href":"https:\/\/api.w.org\/{rel}","templated":true}]}}