{"id":472,"date":"2020-07-05T20:50:41","date_gmt":"2020-07-05T20:50:41","guid":{"rendered":"http:\/\/blogs.uab.cat\/laplacetaarts\/?p=472"},"modified":"2020-07-05T21:25:42","modified_gmt":"2020-07-05T21:25:42","slug":"el-museu-de-la-mar-de-lebre-rendeix-homenatge-a-lescultor-tortosi-joan-salvat","status":"publish","type":"post","link":"https:\/\/blogs.uab.cat\/laplacetaarts\/2020\/07\/05\/el-museu-de-la-mar-de-lebre-rendeix-homenatge-a-lescultor-tortosi-joan-salvat\/","title":{"rendered":"El Museu de la Mar de l&#8217;Ebre rendeix homenatge a l&#8217;escultor tortos\u00ed Joan Salvat"},"content":{"rendered":"<div id=\"attachment_475\" style=\"width: 510px\" class=\"wp-caption aligncenter\"><img aria-describedby=\"caption-attachment-475\" loading=\"lazy\" class=\"wp-image-475 size-full\" src=\"http:\/\/blogs.uab.cat\/laplacetaarts\/files\/2020\/07\/mme_baixa_2.jpg\" alt=\"\" width=\"500\" height=\"375\" srcset=\"https:\/\/blogs.uab.cat\/laplacetaarts\/files\/2020\/07\/mme_baixa_2.jpg 500w, https:\/\/blogs.uab.cat\/laplacetaarts\/files\/2020\/07\/mme_baixa_2-300x225.jpg 300w\" sizes=\"(max-width: 500px) 100vw, 500px\" \/><p id=\"caption-attachment-475\" class=\"wp-caption-text\">Edifici del Museu de la Mar de l&#8217;Ebre a Sant Carles de la R\u00e0pita<\/p><\/div>\n<p>&nbsp;<\/p>\n<p>El Museu de la Mar de l&#8217;Ebre, instal\u00b7lat a l\u2019antic edifici d\u2019oficines i tallers de la Real Compa\u00f1\u00eda de Canalizaci\u00f3n del Ebro (1857-1858) de Sant Carles de la R\u00e0pita, rendeix homenatge a l&#8217;escultor tortos\u00ed Joan Salvat (1929-2020), en motiu de la seva \u00faltima exposici\u00f3 amb el pintor Pere Mora.<\/p>\n<p>Vegeu el v\u00eddeo que han registrat tot clicant a l&#8217;enlla\u00e7 seg\u00fcent: <a href=\"https:\/\/www.youtube.com\/watch?v=2pP-E-zXspo\">HOMENATGE A JOAN SALVAT<\/a><\/p>\n<p>&nbsp;<\/p>\n","protected":false},"excerpt":{"rendered":"<p>&nbsp; El Museu de la Mar de l&#8217;Ebre, instal\u00b7lat a l\u2019antic edifici d\u2019oficines i tallers de la Real Compa\u00f1\u00eda de Canalizaci\u00f3n del Ebro (1857-1858) de Sant Carles de la R\u00e0pita, rendeix homenatge a l&#8217;escultor tortos\u00ed Joan Salvat (1929-2020), en motiu de la seva \u00faltima exposici\u00f3 amb el pintor Pere Mora. Vegeu el v\u00eddeo que han [&hellip;]<\/p>\n","protected":false},"author":257,"featured_media":0,"comment_status":"open","ping_status":"open","sticky":false,"template":"","format":"standard","meta":[],"categories":[3],"tags":[],"_links":{"self":[{"href":"https:\/\/blogs.uab.cat\/laplacetaarts\/wp-json\/wp\/v2\/posts\/472"}],"collection":[{"href":"https:\/\/blogs.uab.cat\/laplacetaarts\/wp-json\/wp\/v2\/posts"}],"about":[{"href":"https:\/\/blogs.uab.cat\/laplacetaarts\/wp-json\/wp\/v2\/types\/post"}],"author":[{"embeddable":true,"href":"https:\/\/blogs.uab.cat\/laplacetaarts\/wp-json\/wp\/v2\/users\/257"}],"replies":[{"embeddable":true,"href":"https:\/\/blogs.uab.cat\/laplacetaarts\/wp-json\/wp\/v2\/comments?post=472"}],"version-history":[{"count":9,"href":"https:\/\/blogs.uab.cat\/laplacetaarts\/wp-json\/wp\/v2\/posts\/472\/revisions"}],"predecessor-version":[{"id":477,"href":"https:\/\/blogs.uab.cat\/laplacetaarts\/wp-json\/wp\/v2\/posts\/472\/revisions\/477"}],"wp:attachment":[{"href":"https:\/\/blogs.uab.cat\/laplacetaarts\/wp-json\/wp\/v2\/media?parent=472"}],"wp:term":[{"taxonomy":"category","embeddable":true,"href":"https:\/\/blogs.uab.cat\/laplacetaarts\/wp-json\/wp\/v2\/categories?post=472"},{"taxonomy":"post_tag","embeddable":true,"href":"https:\/\/blogs.uab.cat\/laplacetaarts\/wp-json\/wp\/v2\/tags?post=472"}],"curies":[{"name":"wp","href":"https:\/\/api.w.org\/{rel}","templated":true}]}}