{"id":1,"date":"2021-03-15T11:03:31","date_gmt":"2021-03-15T11:03:31","guid":{"rendered":"http:\/\/blogs.uab.cat\/catalaeducacio\/?p=1"},"modified":"2022-02-18T07:34:31","modified_gmt":"2022-02-18T07:34:31","slug":"hola-mon","status":"publish","type":"post","link":"https:\/\/blogs.uab.cat\/catalaeducacio\/2021\/03\/15\/hola-mon\/","title":{"rendered":"Presentaci\u00f3"},"content":{"rendered":"<p>Benvingudes i benvinguts al curs <a href=\"http:\/\/blogs.uab.cat\/catalaeducacio\/files\/2016\/02\/Contingut-Nivell-2-per-a-Mestres-definitiu-febrer-2016.pdf\">Nivell 2 de llengua catalana per a mestres d&#8217;Educaci\u00f3 Infantil i d&#8217;Educaci\u00f3 Prim\u00e0ria<\/a>, que consta de 15 hores telepresencials i de 40 h d&#8217;aprenentatge aut\u00f2nom.<\/p>\n<p>Els continguts d\u2019aquest curs\u00a0s\u2019aproximen al <a href=\"http:\/\/www.uab.cat\/doc\/ProgramaCatalaC2\">nivell C2<\/a> del Marc europeu com\u00fa de refer\u00e8ncia per a les lleng\u00fces i inclouen, tamb\u00e9, els continguts del <a href=\"http:\/\/blogs.uab.cat\/catalaeducacio\/files\/2016\/02\/Continguts-Nivell-1-per-a-Mestres-definitiu-febrer-2016.pdf\">Nivell 1 de llengua catalana per a Mestres d&#8217;Educaci\u00f3 Infantil i d&#8217;Educaci\u00f3 Prim\u00e0ria<\/a>. Tenint en compte, per\u00f2, quin \u00e9s l\u2019\u00fas ling\u00fc\u00edstic principal del docent a l\u2019Educaci\u00f3 Infantil i\u00a0Prim\u00e0ria,\u00a0es treballar\u00e0 especialment\u00a0el domini de la llengua oral i del registre col\u00b7loquial del catal\u00e0.<\/p>\n<p><strong><em>Descripci\u00f3 dels objectius del curs<\/em><\/strong><\/p>\n<p>El curs t\u00e9 com a objectiu immediat la superaci\u00f3 de l&#8217;examen d&#8217;N2, organitzat per la Facultat d&#8217;Educaci\u00f3 i el Servei de Lleng\u00fces de la Universitat Aut\u00f2noma de Barcelona. Es tracta d&#8217;un examen intern exigit per demostrar el nivell adequat per a exercir com a mestres d&#8217;Educaci\u00f3 Infantil o Prim\u00e0ria. L&#8217;examen no condueix a cap certificat ni t\u00e9 cap equival\u00e8ncia amb els ex\u00e0mens oficials de catal\u00e0 organitzats per <a href=\"https:\/\/www.cifalc.cat\/certificats-de-catala\/\">la CIFALC<\/a>, per <a href=\"https:\/\/llengua.gencat.cat\/ca\/serveis\/acreditacio_coneixements\/certificats_de_catala\/certificats_estructura_i_descripcio_proves\/\">la DGPL<\/a> o altres institucions.<\/p>\n<p>La persona que ha assolit el Nivell 2 per a mestres d\u2019Educaci\u00f3 Infantil i Prim\u00e0ria utilitza\u00a0la llengua amb un grau molt elevat de coher\u00e8ncia i cohesi\u00f3 textual i amb un repertori\u00a0l\u00e8xic ampli i prec\u00eds. Aquesta persona demostra una bona compet\u00e8ncia per distingir i\u00a0gestionar els matisos, les connotacions i els impl\u00edcits de la comunicaci\u00f3. Mostra tamb\u00e9\u00a0un control gramatical molt alt en tota circumst\u00e0ncia; no comet errors ortogr\u00e0fics i\u00a0domina el sistema fonol\u00f2gic de la llengua.<\/p>\n<p>Si es\u00a0desglossa per destreses comunicatives:<\/p>\n<p><em>Comprensi\u00f3 oral<\/em><br \/>\nL&#8217;aprenent no ha de tenir cap dificultat per comprendre qualsevol tipus de producci\u00f3\u00a0oral en directe o emesa pels mitjans de comunicaci\u00f3, encara que la velocitat de parla\u00a0sigui r\u00e0pida.<\/p>\n<p><em>Comprensi\u00f3 lectora<\/em><br \/>\nL&#8217;aprenent ha de poder llegir amb facilitat qualsevol mena d\u2019escrit, incloent-hi textos abstractes, estructuralment o ling\u00fc\u00edsticament complexos, com ara manuals, articles\u00a0d\u2019especialitat i obres liter\u00e0ries.<\/p>\n<p><em>Expressi\u00f3 oral<\/em><br \/>\nL&#8217;aprenent ha de poder fer exposicions orals i participar en converses en les quals mostra\u00a0que domina les estructures pr\u00f2pies de la llengua. Ha de poder expressar-se, igualment,\u00a0amb flu\u00efdesa i transmetre matisos subtils de significat amb precisi\u00f3. Ha de saber produir\u00a0discursos expositius o argumentatius amb una estructura l\u00f2gica efica\u00e7 i amb adequaci\u00f3 al context. Ha d\u2019incorporar un vocabulari variat i mostrar que domina el registre\u00a0col\u00b7loquial.<br \/>\nL\u2019aprenent ha de saber articular els sons voc\u00e0lics i conson\u00e0ntics del catal\u00e0 i ha\u00a0d\u2019incorporar-ne la pron\u00fancia correcta en la parla espont\u00e0nia i en la lectura d\u2019un text.<\/p>\n<p><em>Expressi\u00f3 escrita<\/em><br \/>\nL&#8217;aprenent ha de poder escriure textos propis de l\u2019\u00e0mbit acad\u00e8mic i professional de\u00a0manera coherent: textos amb idees clares, que mostrin un bon domini del g\u00e8nere textual,\u00a0de l\u2019organitzaci\u00f3 del text, de la construcci\u00f3 sint\u00e0tica, de la precisi\u00f3 l\u00e8xica i de les\u00a0convencions ortogr\u00e0fiques i de puntuaci\u00f3.<\/p>\n<p>&nbsp;<\/p>\n<p>Durant aquest curs repassarem i refor\u00e7arem quan calgui el domini de les destreses descrites anteriorment. La nostra proposta es fonamenta en la pr\u00e0ctica (reflexiva, detallada i contrastada) de les diverses expressions escrites i orals que haureu de produir amb \u00e8xit en la prova de Nivell 2 per a futurs mestres.<\/p>\n<p>Aquesta \u00e9s l&#8217;<a href=\"http:\/\/blogs.uab.cat\/catalaeducacio\/files\/2020\/03\/DescripcioProva.pdf\">estructura de la prova<\/a><\/p>\n<ul>\n<li><span dir=\"ltr\">Prova de coneixements l\u00e8xics, gramaticals i ortogr\u00e0fics<\/span>\n<ul>\n<li><span dir=\"ltr\">Exercici d\u2019omplir buits <\/span><span dir=\"ltr\">(<\/span><span dir=\"ltr\">30 buits en diferents paraules per completar<\/span><span dir=\"ltr\">). Cada buit val mig punt. S&#8217;hi valora sobretot l&#8217;ortografia.<br \/>\n<\/span><\/li>\n<li><span dir=\"ltr\">Exercici de resposta m\u00faltiple <\/span><span dir=\"ltr\">(20 \u00edtems): f<\/span><span dir=\"ltr\">rases a\u00efllades en <\/span><span dir=\"ltr\">qu\u00e8 cal <\/span><span dir=\"ltr\">escollir la resposta correcta entre tres opcions. Aborda els coneixements morfosint\u00e0ctics (pronoms, conjugaci\u00f3, connectors, quantitatius&#8230;)<br \/>\n<\/span><\/li>\n<li><span dir=\"ltr\">Exercici de flexi\u00f3 i derivaci\u00f3<\/span><span dir=\"ltr\">: <\/span><span dir=\"ltr\">10 buits <\/span><span dir=\"ltr\">de <\/span><span dir=\"ltr\">resposta oberta <\/span><span dir=\"ltr\">que s&#8217;ha de completar amb la forma adequada de la <\/span><span dir=\"ltr\">paraula donada entre par\u00e8ntesi.<\/span><\/li>\n<li><span dir=\"ltr\">Exercici de sinon\u00ed<\/span><span dir=\"ltr\">mia <\/span><span dir=\"ltr\">(5 \u00edtems): frases a\u00efllades en qu\u00e8 es dona una <\/span><span dir=\"ltr\">paraula i l\u2019examinand ha de trobar el sin\u00f2nim correcte (una altra paraula) per <\/span><span dir=\"ltr\">a <\/span><span dir=\"ltr\">aquell context.<\/span><\/li>\n<li><span dir=\"ltr\">Exercici de frases fetes i <\/span><span dir=\"ltr\">col\u00b7locacions<\/span><span dir=\"ltr\">(10 \u00edtems): <\/span><span dir=\"ltr\">frases a\u00efllades <\/span><span dir=\"ltr\">de resposta oberta <\/span><span dir=\"ltr\">en qu\u00e8 cal\u00a0 complet<\/span><span dir=\"ltr\">ar les frases fetes o <\/span><span dir=\"ltr\">locucions amb una o dues paraules.<\/span><\/li>\n<\/ul>\n<\/li>\n<li>Prova d&#8217;expressi\u00f3 escrita: article d&#8217;opini\u00f3 o informe proposta.<\/li>\n<li>Expressi\u00f3 oral: completar frases de la llengua oral espont\u00e0nia i fer una intervenci\u00f3 preparada en un context educatiu.<\/li>\n<\/ul>\n<p>Aquest \u00e9s un <a href=\"http:\/\/blogs.uab.cat\/catalaeducacio\/files\/2020\/03\/ExempleProvaNivellDos.pdf\">model de prova<\/a> i aqu\u00ed teniu el <a href=\"http:\/\/blogs.uab.cat\/catalaeducacio\/files\/2020\/03\/ExempleProvaSolucions.pdf\">model de correcci\u00f3<\/a>.<\/p>\n<p>Som-hi!<\/p>\n","protected":false},"excerpt":{"rendered":"<p>Benvingudes i benvinguts al curs Nivell 2 de llengua catalana per a mestres d&#8217;Educaci\u00f3 Infantil i d&#8217;Educaci\u00f3 Prim\u00e0ria, que consta de 15 hores telepresencials i de 40 h d&#8217;aprenentatge aut\u00f2nom. Els continguts d\u2019aquest curs\u00a0s\u2019aproximen al nivell C2 del Marc europeu &hellip; <a href=\"https:\/\/blogs.uab.cat\/catalaeducacio\/2021\/03\/15\/hola-mon\/\">Continua llegint <span class=\"meta-nav\">&rarr;<\/span><\/a><\/p>\n","protected":false},"author":269,"featured_media":0,"comment_status":"open","ping_status":"open","sticky":false,"template":"","format":"standard","meta":[],"categories":[3],"tags":[],"_links":{"self":[{"href":"https:\/\/blogs.uab.cat\/catalaeducacio\/wp-json\/wp\/v2\/posts\/1"}],"collection":[{"href":"https:\/\/blogs.uab.cat\/catalaeducacio\/wp-json\/wp\/v2\/posts"}],"about":[{"href":"https:\/\/blogs.uab.cat\/catalaeducacio\/wp-json\/wp\/v2\/types\/post"}],"author":[{"embeddable":true,"href":"https:\/\/blogs.uab.cat\/catalaeducacio\/wp-json\/wp\/v2\/users\/269"}],"replies":[{"embeddable":true,"href":"https:\/\/blogs.uab.cat\/catalaeducacio\/wp-json\/wp\/v2\/comments?post=1"}],"version-history":[{"count":36,"href":"https:\/\/blogs.uab.cat\/catalaeducacio\/wp-json\/wp\/v2\/posts\/1\/revisions"}],"predecessor-version":[{"id":2147,"href":"https:\/\/blogs.uab.cat\/catalaeducacio\/wp-json\/wp\/v2\/posts\/1\/revisions\/2147"}],"wp:attachment":[{"href":"https:\/\/blogs.uab.cat\/catalaeducacio\/wp-json\/wp\/v2\/media?parent=1"}],"wp:term":[{"taxonomy":"category","embeddable":true,"href":"https:\/\/blogs.uab.cat\/catalaeducacio\/wp-json\/wp\/v2\/categories?post=1"},{"taxonomy":"post_tag","embeddable":true,"href":"https:\/\/blogs.uab.cat\/catalaeducacio\/wp-json\/wp\/v2\/tags?post=1"}],"curies":[{"name":"wp","href":"https:\/\/api.w.org\/{rel}","templated":true}]}}